{"id":2256,"date":"2019-06-06T13:34:37","date_gmt":"2019-06-06T11:34:37","guid":{"rendered":"https:\/\/www.schoenefeld-parkplatz.de\/blog\/?p=2256"},"modified":"2019-06-06T14:10:14","modified_gmt":"2019-06-06T12:10:14","slug":"europaeische-luftraum","status":"publish","type":"post","link":"https:\/\/www.schoenefeld-parkplatz.de\/blog\/europaeische-luftraum\/","title":{"rendered":"Der Europ\u00e4ische Luftraum"},"content":{"rendered":"<h1>Europ\u00e4ischer Luftraum &#8211; es geht hoch hinaus<\/h1>\n<p><!-- \/wp:post-content --> <!-- wp:paragraph --><\/p>\n<p>H\u00e4ufig wird in den Nachrichten vom Europ\u00e4ischen oder internationalen Luftraum gesprochen. Doch was genau ist damit gemeint und wie kann man sich die Einteilung der L\u00fcfte und des Himmels vorstellen?<\/p>\n<figure id=\"attachment_2259\" aria-describedby=\"caption-attachment-2259\" style=\"width: 1000px\" class=\"wp-caption alignright\"><img loading=\"lazy\" decoding=\"async\" class=\"wp-image-2259 size-full\" src=\"https:\/\/www.schoenefeld-parkplatz.de\/blog\/wp-content\/uploads\/europaeischer-luftraum.jpg\" alt=\"europaeischer luftraum\" width=\"1000\" height=\"473\" srcset=\"https:\/\/www.schoenefeld-parkplatz.de\/blog\/wp-content\/uploads\/europaeischer-luftraum.jpg 1000w, https:\/\/www.schoenefeld-parkplatz.de\/blog\/wp-content\/uploads\/europaeischer-luftraum-150x71.jpg 150w, https:\/\/www.schoenefeld-parkplatz.de\/blog\/wp-content\/uploads\/europaeischer-luftraum-768x363.jpg 768w\" sizes=\"auto, (max-width: 1000px) 100vw, 1000px\" \/><figcaption id=\"caption-attachment-2259\" class=\"wp-caption-text\">Foto: Iakov Filimonov<\/figcaption><\/figure>\n<p><!-- wp:paragraph --><\/p>\n<p>Wir bringen etwas Klarheit in die Sache und erkl\u00e4ren, was es mit dem Luftraum auf sich hat.<\/p>\n<p><!-- \/wp:paragraph --> <!-- wp:paragraph --><\/p>\n<p>Wenn man vom Luftraum spricht, beinhaltet dies in erster Linie den gesamten Raum \u00fcber der Erdoberfl\u00e4che, der mit Luft gef\u00fcllt ist. Die oberste Grenze ist offiziell nicht definiert, doch\u00a0 die <a title=\"K\u00e1rm\u00e1n-Linie Wikipedia\" href=\"https:\/\/de.wikipedia.org\/wiki\/K%C3%A1rm%C3%A1n-Linie\" target=\"_blank\" rel=\"nofollow noopener noreferrer\">K\u00e1rm\u00e1n-Linie<\/a>, welche sich in einer H\u00f6he von 100 Metern befindet, wird als g\u00e4ngige Grenze genommen.<\/p>\n<h3>Die Einteilung des Luftraums<\/h3>\n<p><!-- \/wp:paragraph --> <!-- wp:paragraph --><\/p>\n<p>Jedes Land verf\u00fcgt \u00fcber ein Luftraum, welcher sich innerhalb der Landesgrenzen befindet. Dieser ist ein Teil des hoheitlichen Staatsgebietes, in ihm gilt die sogenannte Lufthoheit. Dies bef\u00e4higt jedes Land dazu, seinen eigenen Luftraum selbst zu verwalten und zu regeln.<\/p>\n<p><!-- \/wp:paragraph --> <!-- wp:paragraph --><\/p>\n<p>Einzelne Teile des Luftraums eines Staates k\u00f6nnen auch anderen Staaten abgetreten werden, welche entsprechend individuell verwaltet werden.<\/p>\n<p><!-- \/wp:paragraph --> <!-- wp:paragraph --><\/p>\n<p>Seit Ende der 1990er Jahre arbeitet die EU an einem Plan, einen einheitlichen europ\u00e4ischen Luftraum zu gestalten (Single European Sky), um den Luftraum neu zu strukturieren und zu optimieren.<\/p>\n<p><!-- \/wp:paragraph --> <!-- wp:paragraph --><\/p>\n<p>Der Luftraum ist allerdings nicht g\u00e4nzlich Eigentum des jeweiligen Landes, denn es gibt auch einen privaten Luftraum. <strong>Jeder Besitzer eines Grundst\u00fccks hat die Verf\u00fcgungsrechte \u00fcber den Raum oberhalb seines eigenen Grundst\u00fccks, welcher unendlich in die H\u00f6he und bis zum Erdmittelpunkt in die Tiefe reicht.<\/strong> Gesetzlich ist dieser private Luftraum allerdings eingeschr\u00e4nkt, sodass eine Privatperson keine Fl\u00fcge in seinem eigenen Luftraum verbieten darf.<\/p>\n<p><!-- \/wp:paragraph --> <!-- wp:paragraph --><\/p>\n<p>Anhand von Anweisungen, haben Beh\u00f6rden das Recht, Luftsperrgebiete, Flugbeschr\u00e4nkungsgebiete oder Gefahrengebiete auszuweisen. Dies ist vorgesehen, um technische Anlagen oder Gro\u00dfereignisse zu sch\u00fctzen und um Einschr\u00e4nkungen der Sicherheit zu vermeiden.<\/p>\n<p><!-- \/wp:paragraph --> <!-- wp:heading {\"level\":3} --><\/p>\n<h3>Die Einteilung der Luftraumklassen<\/h3>\n<p><!-- \/wp:heading --> <!-- wp:image {\"align\":\"right\",\"id\":2257} --><\/p>\n<div class=\"wp-block-image\">\n<figure class=\"alignright\">\n<figure id=\"attachment_2257\" aria-describedby=\"caption-attachment-2257\" style=\"width: 174px\" class=\"wp-caption alignnone\"><img loading=\"lazy\" decoding=\"async\" class=\"wp-image-2257\" title=\"Schichten der Atmosph\u00e4re\" src=\"https:\/\/www.schoenefeld-parkplatz.de\/blog\/wp-content\/uploads\/180px-Atmosphere_layers-de-3.svg_-174x1024.png\" alt=\"Schichten der Atmosph\u00e4re\" width=\"174\" height=\"1024\" srcset=\"https:\/\/www.schoenefeld-parkplatz.de\/blog\/wp-content\/uploads\/180px-Atmosphere_layers-de-3.svg_-174x1024.png 174w, https:\/\/www.schoenefeld-parkplatz.de\/blog\/wp-content\/uploads\/180px-Atmosphere_layers-de-3.svg_.png 180w\" sizes=\"auto, (max-width: 174px) 100vw, 174px\" \/><figcaption id=\"caption-attachment-2257\" class=\"wp-caption-text\">K\u00e1rm\u00e1n-Linie | Urheber wikipedia<\/figcaption><\/figure>\n<\/figure>\n<\/div>\n<p><!-- \/wp:image --> <!-- wp:paragraph --><\/p>\n<p>Klassisch wird der Luftraum in Deutschland und \u00d6sterreich als Unterer und Oberer Luftraum eingeteilt. Diese werden als Luftraum zwischen Flugfl\u00e4che 245 und 285 definiert.<\/p>\n<p><!-- \/wp:paragraph --> <!-- wp:paragraph --><\/p>\n<p>Die internationale Zivilluftfahrt-Organisation (<a title=\"Die internationale Zivilluftfahrt-Organisation\" href=\"https:\/\/www.icao.int\/Pages\/default.aspx\" target=\"_blank\" rel=\"nofollow noopener noreferrer\">ICAO<\/a>) teilt den Luftraum in unterschiedliche Klassen ein, welche von A (Alpha) bis G (Golf) reichen. In diesen Klassen werden verschieden Regeln festgelegt, wie etwa die maximal erlaubte Geschwindigkeit, Mindestsichtweiten und weitere Informationen. Die Luftr\u00e4ume stehen in horizontaler und vertikaler Anordnung zueinander. Kontrolliert werden diese R\u00e4ume von Flugverkehrskontrollstellen.<\/p>\n<p><!-- \/wp:paragraph --> <!-- wp:paragraph --><\/p>\n<p>Die Einteilung der Flugklassen Alpha, Bravo, Charlie, Delta, Echo, Foxtrot, Golf ist allerdings nicht in jedem Land vorhanden, so bilden zum Beispiel einige deutschsprachige L\u00e4nder eine Ausnahme in der Kategorisierung.<\/p>\n<p><strong>Wer \u00fcberwacht den Luftraum?<\/strong><\/p>\n<p><!-- \/wp:paragraph --> <!-- wp:paragraph --><\/p>\n<p>Die \u00dcberwachung des Luftraums wird sowohl von milit\u00e4rischen als auch von zivilen Institutionen durchgef\u00fchrt. Im deutschen Luftraum betrifft das die <a title=\"EUROCONTROL\" href=\"https:\/\/www.eurocontrol.int\/\" target=\"_blank\" rel=\"nofollow noopener noreferrer\">EUROCONTROL<\/a>, sowie <a title=\"Skyguide \" href=\"https:\/\/www.skyguide.ch\/de\/\" target=\"_blank\" rel=\"nofollow noopener noreferrer\">Skyguide <\/a>in einigen Teilen S\u00fcddeutschlands.<\/p>\n<h4>Das k\u00f6nnte Sie auch interessieren<\/h4>\n<h4>\u00a0<\/h4>\n<p><blockquote class=\"wp-embedded-content\" data-secret=\"SU2d3FhxXN\"><a href=\"https:\/\/www.schoenefeld-parkplatz.de\/blog\/aeroflot-verbindung-europa-china\/\">Aeroflot, die beste Verbindung zwischen Europa und China<\/a><\/blockquote><iframe loading=\"lazy\" title=\"&#8222;Aeroflot, die beste Verbindung zwischen Europa und China&#8220; &#8212; Parkplatzservice Laabs Blog\" class=\"wp-embedded-content\" sandbox=\"allow-scripts\" security=\"restricted\" style=\"position: absolute; clip: rect(1px, 1px, 1px, 1px);\" src=\"https:\/\/www.schoenefeld-parkplatz.de\/blog\/aeroflot-verbindung-europa-china\/embed\/#?secret=SU2d3FhxXN\" data-secret=\"SU2d3FhxXN\" width=\"600\" height=\"338\" frameborder=\"0\" marginwidth=\"0\" marginheight=\"0\" scrolling=\"no\"><\/iframe><\/p>\n<p><blockquote class=\"wp-embedded-content\" data-secret=\"VznVZnuXyb\"><a href=\"https:\/\/www.schoenefeld-parkplatz.de\/blog\/teneriffa-costa-adeje\/\">Teneriffa Costa Adeje<\/a><\/blockquote><iframe loading=\"lazy\" title=\"&#8222;Teneriffa Costa Adeje&#8220; &#8212; Parkplatzservice Laabs Blog\" class=\"wp-embedded-content\" sandbox=\"allow-scripts\" security=\"restricted\" style=\"position: absolute; clip: rect(1px, 1px, 1px, 1px);\" src=\"https:\/\/www.schoenefeld-parkplatz.de\/blog\/teneriffa-costa-adeje\/embed\/#?secret=VznVZnuXyb\" data-secret=\"VznVZnuXyb\" width=\"600\" height=\"338\" frameborder=\"0\" marginwidth=\"0\" marginheight=\"0\" scrolling=\"no\"><\/iframe><\/p>\n<p><blockquote class=\"wp-embedded-content\" data-secret=\"aB07UOdjqp\"><a href=\"https:\/\/www.schoenefeld-parkplatz.de\/blog\/welche-souvenirs-aus-dem-urlaub-mitbringen\/\">Welche Souvenirs darf ich aus dem Urlaub mitbringen?<\/a><\/blockquote><iframe loading=\"lazy\" title=\"&#8222;Welche Souvenirs darf ich aus dem Urlaub mitbringen?&#8220; &#8212; Parkplatzservice Laabs Blog\" class=\"wp-embedded-content\" sandbox=\"allow-scripts\" security=\"restricted\" style=\"position: absolute; clip: rect(1px, 1px, 1px, 1px);\" src=\"https:\/\/www.schoenefeld-parkplatz.de\/blog\/welche-souvenirs-aus-dem-urlaub-mitbringen\/embed\/#?secret=aB07UOdjqp\" data-secret=\"aB07UOdjqp\" width=\"600\" height=\"338\" frameborder=\"0\" marginwidth=\"0\" marginheight=\"0\" scrolling=\"no\"><\/iframe><\/p>\n<p><blockquote class=\"wp-embedded-content\" data-secret=\"uX1QQ8QFO2\"><a href=\"https:\/\/www.schoenefeld-parkplatz.de\/blog\/fakten-rund-ums-fliegen\/\">Fakten rund ums Fliegen<\/a><\/blockquote><iframe loading=\"lazy\" title=\"&#8222;Fakten rund ums Fliegen&#8220; &#8212; Parkplatzservice Laabs Blog\" class=\"wp-embedded-content\" sandbox=\"allow-scripts\" security=\"restricted\" style=\"position: absolute; clip: rect(1px, 1px, 1px, 1px);\" src=\"https:\/\/www.schoenefeld-parkplatz.de\/blog\/fakten-rund-ums-fliegen\/embed\/#?secret=uX1QQ8QFO2\" data-secret=\"uX1QQ8QFO2\" width=\"600\" height=\"338\" frameborder=\"0\" marginwidth=\"0\" marginheight=\"0\" scrolling=\"no\"><\/iframe><\/p>\n<p><blockquote class=\"wp-embedded-content\" data-secret=\"my6JISgxoG\"><a href=\"https:\/\/www.schoenefeld-parkplatz.de\/blog\/wann-buche-ich-den-guenstigsten-flug\/\">Wann buche ich den g\u00fcnstigsten Flug?<\/a><\/blockquote><iframe loading=\"lazy\" title=\"&#8222;Wann buche ich den g\u00fcnstigsten Flug?&#8220; &#8212; Parkplatzservice Laabs Blog\" class=\"wp-embedded-content\" sandbox=\"allow-scripts\" security=\"restricted\" style=\"position: absolute; clip: rect(1px, 1px, 1px, 1px);\" src=\"https:\/\/www.schoenefeld-parkplatz.de\/blog\/wann-buche-ich-den-guenstigsten-flug\/embed\/#?secret=my6JISgxoG\" data-secret=\"my6JISgxoG\" width=\"600\" height=\"338\" frameborder=\"0\" marginwidth=\"0\" marginheight=\"0\" scrolling=\"no\"><\/iframe><\/p>\n\n<!-- wp:paragraph -->\n<p><\/p>\n<!-- \/wp:paragraph --><!-- \/wp:paragraph -->","protected":false},"excerpt":{"rendered":"<p>Europ\u00e4ischer Luftraum &#8211; es geht hoch hinaus H\u00e4ufig wird in den Nachrichten vom Europ\u00e4ischen oder internationalen Luftraum gesprochen. Doch was genau ist damit gemeint und wie kann man sich die Einteilung der L\u00fcfte und des Himmels vorstellen? Wir bringen etwas Klarheit in die Sache und erkl\u00e4ren, was es mit dem&#8230;<\/p>\n","protected":false},"author":1,"featured_media":2259,"comment_status":"closed","ping_status":"closed","sticky":false,"template":"","format":"standard","meta":{"footnotes":""},"categories":[1],"tags":[],"class_list":["post-2256","post","type-post","status-publish","format-standard","has-post-thumbnail","hentry","category-allgemein"],"views":773,"_links":{"self":[{"href":"https:\/\/www.schoenefeld-parkplatz.de\/blog\/wp-json\/wp\/v2\/posts\/2256","targetHints":{"allow":["GET"]}}],"collection":[{"href":"https:\/\/www.schoenefeld-parkplatz.de\/blog\/wp-json\/wp\/v2\/posts"}],"about":[{"href":"https:\/\/www.schoenefeld-parkplatz.de\/blog\/wp-json\/wp\/v2\/types\/post"}],"author":[{"embeddable":true,"href":"https:\/\/www.schoenefeld-parkplatz.de\/blog\/wp-json\/wp\/v2\/users\/1"}],"replies":[{"embeddable":true,"href":"https:\/\/www.schoenefeld-parkplatz.de\/blog\/wp-json\/wp\/v2\/comments?post=2256"}],"version-history":[{"count":0,"href":"https:\/\/www.schoenefeld-parkplatz.de\/blog\/wp-json\/wp\/v2\/posts\/2256\/revisions"}],"wp:featuredmedia":[{"embeddable":true,"href":"https:\/\/www.schoenefeld-parkplatz.de\/blog\/wp-json\/wp\/v2\/media\/2259"}],"wp:attachment":[{"href":"https:\/\/www.schoenefeld-parkplatz.de\/blog\/wp-json\/wp\/v2\/media?parent=2256"}],"wp:term":[{"taxonomy":"category","embeddable":true,"href":"https:\/\/www.schoenefeld-parkplatz.de\/blog\/wp-json\/wp\/v2\/categories?post=2256"},{"taxonomy":"post_tag","embeddable":true,"href":"https:\/\/www.schoenefeld-parkplatz.de\/blog\/wp-json\/wp\/v2\/tags?post=2256"}],"curies":[{"name":"wp","href":"https:\/\/api.w.org\/{rel}","templated":true}]}}